{"id":1810,"date":"2024-06-21T11:10:00","date_gmt":"2024-06-21T09:10:00","guid":{"rendered":"https:\/\/www.petrklichelp.cz\/?p=1810"},"modified":"2025-04-25T12:24:12","modified_gmt":"2025-04-25T10:24:12","slug":"sos-enabling-inclusion-and-innovation-for-ukrainian-refugees-in-europe-reka-czechia-from-june-5-to-8-2024","status":"publish","type":"post","link":"https:\/\/www.petrklichelp.cz\/en\/2024\/06\/21\/sos-enabling-inclusion-and-innovation-for-ukrainian-refugees-in-europe-reka-czechia-from-june-5-to-8-2024\/","title":{"rendered":"SOS- Enabling Inclusion and Innovation for Ukrainian Refugees in Europe- \u0158eka, Czechia, from June 5 to 8, 2024"},"content":{"rendered":"\n<p>KA220-YOU S.O.S. Project Update! \u2728<\/p>\n\n\n\n<p>Erasmus+ project S.O.S. Strengthening Our Support: Enabling Inclusion and Innovation for Ukrainian Refugees in Europe (2023-1-ES02-KA220-YOU-000153797) partner Petrkl\u00ed\u010d help \ud83c\udde8\ud83c\uddff hosted a 4-day Participatory Visit in \u0158eka, Czechia, from June 5 to 8, 2024.<\/p>\n\n\n\n<p>Together with representatives from project partners Permacultura Cantabria \ud83c\uddea\ud83c\uddf8 and Medeina Foundation \ud83c\uddf5\ud83c\uddf1, we explored cutting-edge digital tools to boost digital literacy among Ukrainian migrants and those with fewer opportunities in our communities.<\/p>\n\n\n\n<p>This knowledge will be part of our interactive book, &#8220;Digital Alphabetization,&#8221; available in Spanish, Polish, Czech, and English. \ud83d\udcd6\ud83c\udfa7<\/p>\n\n\n\n<p>Stay tuned to contribute and make a difference! \ud83c\uddfa\ud83c\udde6 \ud83c\udf3e \ud83c\udf3b<\/p>\n\n\n\n<figure class=\"wp-block-image size-large\"><img fetchpriority=\"high\" decoding=\"async\" width=\"1024\" height=\"767\" src=\"https:\/\/www.petrklichelp.cz\/wp-content\/uploads\/2024\/12\/image-1-1024x767.png\" alt=\"\" class=\"wp-image-1811\" srcset=\"https:\/\/www.petrklichelp.cz\/wp-content\/uploads\/2024\/12\/image-1-1024x767.png 1024w, https:\/\/www.petrklichelp.cz\/wp-content\/uploads\/2024\/12\/image-1-300x225.png 300w, https:\/\/www.petrklichelp.cz\/wp-content\/uploads\/2024\/12\/image-1-768x575.png 768w, https:\/\/www.petrklichelp.cz\/wp-content\/uploads\/2024\/12\/image-1-16x12.png 16w, https:\/\/www.petrklichelp.cz\/wp-content\/uploads\/2024\/12\/image-1.png 1044w\" sizes=\"(max-width: 1024px) 100vw, 1024px\" \/><\/figure>\n","protected":false},"excerpt":{"rendered":"<p>KA220-YOU S.O.S. Project Update! \u2728 Erasmus+ project S.O.S. Strengthening Our Support: Enabling Inclusion and Innovation for Ukrainian Refugees in Europe&#8230;<\/p>\n","protected":false},"author":12,"featured_media":0,"comment_status":"closed","ping_status":"open","sticky":false,"template":"","format":"standard","meta":{"_acf_changed":false,"_jetpack_memberships_contains_paid_content":false,"footnotes":""},"categories":[1],"tags":[],"class_list":["post-1810","post","type-post","status-publish","format-standard","hentry","category-nezarazene"],"acf":[],"yoast_head":"<!-- This site is optimized with the Yoast SEO plugin v26.0 - https:\/\/yoast.com\/wordpress\/plugins\/seo\/ -->\n<title>SOS- Enabling Inclusion and Innovation for Ukrainian Refugees in Europe- \u0158eka, Czechia, from June 5 to 8, 2024 - Petrkl\u00ed\u010d help<\/title>\n<meta name=\"robots\" content=\"index, follow, max-snippet:-1, max-image-preview:large, max-video-preview:-1\" \/>\n<link rel=\"canonical\" href=\"https:\/\/www.petrklichelp.cz\/en\/2024\/06\/21\/sos-enabling-inclusion-and-innovation-for-ukrainian-refugees-in-europe-reka-czechia-from-june-5-to-8-2024\/\" \/>\n<meta property=\"og:locale\" content=\"en_GB\" \/>\n<meta property=\"og:type\" content=\"article\" \/>\n<meta property=\"og:title\" content=\"SOS- Enabling Inclusion and Innovation for Ukrainian Refugees in Europe- \u0158eka, Czechia, from June 5 to 8, 2024 - Petrkl\u00ed\u010d help\" \/>\n<meta property=\"og:description\" content=\"KA220-YOU S.O.S. Project Update! \u2728 Erasmus+ project S.O.S. Strengthening Our Support: Enabling Inclusion and Innovation for Ukrainian Refugees in Europe...\" \/>\n<meta property=\"og:url\" content=\"https:\/\/www.petrklichelp.cz\/en\/2024\/06\/21\/sos-enabling-inclusion-and-innovation-for-ukrainian-refugees-in-europe-reka-czechia-from-june-5-to-8-2024\/\" \/>\n<meta property=\"og:site_name\" content=\"Petrkl\u00ed\u010d help\" \/>\n<meta property=\"article:publisher\" content=\"https:\/\/www.facebook.com\/PetrklicHelp\" \/>\n<meta property=\"article:published_time\" content=\"2024-06-21T09:10:00+00:00\" \/>\n<meta property=\"article:modified_time\" content=\"2025-04-25T10:24:12+00:00\" \/>\n<meta property=\"og:image\" content=\"https:\/\/www.petrklichelp.cz\/wp-content\/uploads\/2024\/12\/image-1.png\" \/>\n\t<meta property=\"og:image:width\" content=\"1044\" \/>\n\t<meta property=\"og:image:height\" content=\"782\" \/>\n\t<meta property=\"og:image:type\" content=\"image\/png\" \/>\n<meta name=\"author\" content=\"Mert Citdemir\" \/>\n<meta name=\"twitter:card\" content=\"summary_large_image\" \/>\n<meta name=\"twitter:label1\" content=\"Written by\" \/>\n\t<meta name=\"twitter:data1\" content=\"\" \/>\n\t<meta name=\"twitter:label2\" content=\"Estimated reading time\" \/>\n\t<meta name=\"twitter:data2\" content=\"1 minute\" \/>\n<script type=\"application\/ld+json\" class=\"yoast-schema-graph\">{\"@context\":\"https:\/\/schema.org\",\"@graph\":[{\"@type\":\"Article\",\"@id\":\"https:\/\/www.petrklichelp.cz\/2024\/06\/21\/sos-enabling-inclusion-and-innovation-for-ukrainian-refugees-in-europe-reka-czechia-from-june-5-to-8-2024\/#article\",\"isPartOf\":{\"@id\":\"https:\/\/www.petrklichelp.cz\/2024\/06\/21\/sos-enabling-inclusion-and-innovation-for-ukrainian-refugees-in-europe-reka-czechia-from-june-5-to-8-2024\/\"},\"author\":{\"name\":\"Mert Citdemir\",\"@id\":\"https:\/\/www.petrklichelp.cz\/cs\/#\/schema\/person\/0ba228d7db7ee4a2cfd9f55b51b6bef8\"},\"headline\":\"SOS- Enabling Inclusion and Innovation for Ukrainian Refugees in Europe- \u0158eka, Czechia, from June 5 to 8, 2024\",\"datePublished\":\"2024-06-21T09:10:00+00:00\",\"dateModified\":\"2025-04-25T10:24:12+00:00\",\"mainEntityOfPage\":{\"@id\":\"https:\/\/www.petrklichelp.cz\/2024\/06\/21\/sos-enabling-inclusion-and-innovation-for-ukrainian-refugees-in-europe-reka-czechia-from-june-5-to-8-2024\/\"},\"wordCount\":114,\"publisher\":{\"@id\":\"https:\/\/www.petrklichelp.cz\/cs\/#organization\"},\"image\":{\"@id\":\"https:\/\/www.petrklichelp.cz\/2024\/06\/21\/sos-enabling-inclusion-and-innovation-for-ukrainian-refugees-in-europe-reka-czechia-from-june-5-to-8-2024\/#primaryimage\"},\"thumbnailUrl\":\"https:\/\/www.petrklichelp.cz\/wp-content\/uploads\/2024\/12\/image-1-1024x767.png\",\"articleSection\":[\"Neza\u0159azen\u00e9\"],\"inLanguage\":\"en-GB\"},{\"@type\":\"WebPage\",\"@id\":\"https:\/\/www.petrklichelp.cz\/2024\/06\/21\/sos-enabling-inclusion-and-innovation-for-ukrainian-refugees-in-europe-reka-czechia-from-june-5-to-8-2024\/\",\"url\":\"https:\/\/www.petrklichelp.cz\/2024\/06\/21\/sos-enabling-inclusion-and-innovation-for-ukrainian-refugees-in-europe-reka-czechia-from-june-5-to-8-2024\/\",\"name\":\"SOS- Enabling Inclusion and Innovation for Ukrainian Refugees in Europe- \u0158eka, Czechia, from June 5 to 8, 2024 - Petrkl\u00ed\u010d help\",\"isPartOf\":{\"@id\":\"https:\/\/www.petrklichelp.cz\/cs\/#website\"},\"primaryImageOfPage\":{\"@id\":\"https:\/\/www.petrklichelp.cz\/2024\/06\/21\/sos-enabling-inclusion-and-innovation-for-ukrainian-refugees-in-europe-reka-czechia-from-june-5-to-8-2024\/#primaryimage\"},\"image\":{\"@id\":\"https:\/\/www.petrklichelp.cz\/2024\/06\/21\/sos-enabling-inclusion-and-innovation-for-ukrainian-refugees-in-europe-reka-czechia-from-june-5-to-8-2024\/#primaryimage\"},\"thumbnailUrl\":\"https:\/\/www.petrklichelp.cz\/wp-content\/uploads\/2024\/12\/image-1-1024x767.png\",\"datePublished\":\"2024-06-21T09:10:00+00:00\",\"dateModified\":\"2025-04-25T10:24:12+00:00\",\"breadcrumb\":{\"@id\":\"https:\/\/www.petrklichelp.cz\/2024\/06\/21\/sos-enabling-inclusion-and-innovation-for-ukrainian-refugees-in-europe-reka-czechia-from-june-5-to-8-2024\/#breadcrumb\"},\"inLanguage\":\"en-GB\",\"potentialAction\":[{\"@type\":\"ReadAction\",\"target\":[\"https:\/\/www.petrklichelp.cz\/2024\/06\/21\/sos-enabling-inclusion-and-innovation-for-ukrainian-refugees-in-europe-reka-czechia-from-june-5-to-8-2024\/\"]}]},{\"@type\":\"ImageObject\",\"inLanguage\":\"en-GB\",\"@id\":\"https:\/\/www.petrklichelp.cz\/2024\/06\/21\/sos-enabling-inclusion-and-innovation-for-ukrainian-refugees-in-europe-reka-czechia-from-june-5-to-8-2024\/#primaryimage\",\"url\":\"https:\/\/www.petrklichelp.cz\/wp-content\/uploads\/2024\/12\/image-1-1024x767.png\",\"contentUrl\":\"https:\/\/www.petrklichelp.cz\/wp-content\/uploads\/2024\/12\/image-1-1024x767.png\"},{\"@type\":\"BreadcrumbList\",\"@id\":\"https:\/\/www.petrklichelp.cz\/2024\/06\/21\/sos-enabling-inclusion-and-innovation-for-ukrainian-refugees-in-europe-reka-czechia-from-june-5-to-8-2024\/#breadcrumb\",\"itemListElement\":[{\"@type\":\"ListItem\",\"position\":1,\"name\":\"Home\",\"item\":\"https:\/\/www.petrklichelp.cz\/\"},{\"@type\":\"ListItem\",\"position\":2,\"name\":\"SOS- Enabling Inclusion and Innovation for Ukrainian Refugees in Europe- \u0158eka, Czechia, from June 5 to 8, 2024\"}]},{\"@type\":\"WebSite\",\"@id\":\"https:\/\/www.petrklichelp.cz\/cs\/#website\",\"url\":\"https:\/\/www.petrklichelp.cz\/cs\/\",\"name\":\"Petrkl\u00ed\u010d help\",\"description\":\"\",\"publisher\":{\"@id\":\"https:\/\/www.petrklichelp.cz\/cs\/#organization\"},\"potentialAction\":[{\"@type\":\"SearchAction\",\"target\":{\"@type\":\"EntryPoint\",\"urlTemplate\":\"https:\/\/www.petrklichelp.cz\/cs\/?s={search_term_string}\"},\"query-input\":{\"@type\":\"PropertyValueSpecification\",\"valueRequired\":true,\"valueName\":\"search_term_string\"}}],\"inLanguage\":\"en-GB\"},{\"@type\":\"Organization\",\"@id\":\"https:\/\/www.petrklichelp.cz\/cs\/#organization\",\"name\":\"Petrkl\u00ed\u010d help\",\"url\":\"https:\/\/www.petrklichelp.cz\/cs\/\",\"logo\":{\"@type\":\"ImageObject\",\"inLanguage\":\"en-GB\",\"@id\":\"https:\/\/www.petrklichelp.cz\/cs\/#\/schema\/logo\/image\/\",\"url\":\"https:\/\/petrklichelp.mrkninaweb.cz\/wp-content\/uploads\/2023\/01\/zahrada-petrklichelp.png\",\"contentUrl\":\"https:\/\/petrklichelp.mrkninaweb.cz\/wp-content\/uploads\/2023\/01\/zahrada-petrklichelp.png\",\"width\":117,\"height\":110,\"caption\":\"Petrkl\u00ed\u010d help\"},\"image\":{\"@id\":\"https:\/\/www.petrklichelp.cz\/cs\/#\/schema\/logo\/image\/\"},\"sameAs\":[\"https:\/\/www.facebook.com\/PetrklicHelp\",\"https:\/\/www.instagram.com\/petrklic_help\/\"]},{\"@type\":\"Person\",\"@id\":\"https:\/\/www.petrklichelp.cz\/cs\/#\/schema\/person\/0ba228d7db7ee4a2cfd9f55b51b6bef8\",\"name\":\"Mert Citdemir\",\"image\":{\"@type\":\"ImageObject\",\"inLanguage\":\"en-GB\",\"@id\":\"https:\/\/www.petrklichelp.cz\/cs\/#\/schema\/person\/image\/\",\"url\":\"https:\/\/secure.gravatar.com\/avatar\/f787dfdfac0b843bc70547e2c6d880e1b03144384eae29853a08fdcfe7a5fd6e?s=96&d=mm&r=g\",\"contentUrl\":\"https:\/\/secure.gravatar.com\/avatar\/f787dfdfac0b843bc70547e2c6d880e1b03144384eae29853a08fdcfe7a5fd6e?s=96&d=mm&r=g\",\"caption\":\"Mert Citdemir\"},\"url\":\"https:\/\/www.petrklichelp.cz\/en\/author\/mert-citdemir\/\"}]}<\/script>\n<!-- \/ Yoast SEO plugin. -->","yoast_head_json":{"title":"SOS- Enabling Inclusion and Innovation for Ukrainian Refugees in Europe- \u0158eka, Czechia, from June 5 to 8, 2024 - Petrkl\u00ed\u010d help","robots":{"index":"index","follow":"follow","max-snippet":"max-snippet:-1","max-image-preview":"max-image-preview:large","max-video-preview":"max-video-preview:-1"},"canonical":"https:\/\/www.petrklichelp.cz\/en\/2024\/06\/21\/sos-enabling-inclusion-and-innovation-for-ukrainian-refugees-in-europe-reka-czechia-from-june-5-to-8-2024\/","og_locale":"en_GB","og_type":"article","og_title":"SOS- Enabling Inclusion and Innovation for Ukrainian Refugees in Europe- \u0158eka, Czechia, from June 5 to 8, 2024 - Petrkl\u00ed\u010d help","og_description":"KA220-YOU S.O.S. Project Update! \u2728 Erasmus+ project S.O.S. Strengthening Our Support: Enabling Inclusion and Innovation for Ukrainian Refugees in Europe...","og_url":"https:\/\/www.petrklichelp.cz\/en\/2024\/06\/21\/sos-enabling-inclusion-and-innovation-for-ukrainian-refugees-in-europe-reka-czechia-from-june-5-to-8-2024\/","og_site_name":"Petrkl\u00ed\u010d help","article_publisher":"https:\/\/www.facebook.com\/PetrklicHelp","article_published_time":"2024-06-21T09:10:00+00:00","article_modified_time":"2025-04-25T10:24:12+00:00","og_image":[{"width":1044,"height":782,"url":"https:\/\/www.petrklichelp.cz\/wp-content\/uploads\/2024\/12\/image-1.png","type":"image\/png"}],"author":"Mert Citdemir","twitter_card":"summary_large_image","twitter_misc":{"Written by":false,"Estimated reading time":"1 minute"},"schema":{"@context":"https:\/\/schema.org","@graph":[{"@type":"Article","@id":"https:\/\/www.petrklichelp.cz\/2024\/06\/21\/sos-enabling-inclusion-and-innovation-for-ukrainian-refugees-in-europe-reka-czechia-from-june-5-to-8-2024\/#article","isPartOf":{"@id":"https:\/\/www.petrklichelp.cz\/2024\/06\/21\/sos-enabling-inclusion-and-innovation-for-ukrainian-refugees-in-europe-reka-czechia-from-june-5-to-8-2024\/"},"author":{"name":"Mert Citdemir","@id":"https:\/\/www.petrklichelp.cz\/cs\/#\/schema\/person\/0ba228d7db7ee4a2cfd9f55b51b6bef8"},"headline":"SOS- Enabling Inclusion and Innovation for Ukrainian Refugees in Europe- \u0158eka, Czechia, from June 5 to 8, 2024","datePublished":"2024-06-21T09:10:00+00:00","dateModified":"2025-04-25T10:24:12+00:00","mainEntityOfPage":{"@id":"https:\/\/www.petrklichelp.cz\/2024\/06\/21\/sos-enabling-inclusion-and-innovation-for-ukrainian-refugees-in-europe-reka-czechia-from-june-5-to-8-2024\/"},"wordCount":114,"publisher":{"@id":"https:\/\/www.petrklichelp.cz\/cs\/#organization"},"image":{"@id":"https:\/\/www.petrklichelp.cz\/2024\/06\/21\/sos-enabling-inclusion-and-innovation-for-ukrainian-refugees-in-europe-reka-czechia-from-june-5-to-8-2024\/#primaryimage"},"thumbnailUrl":"https:\/\/www.petrklichelp.cz\/wp-content\/uploads\/2024\/12\/image-1-1024x767.png","articleSection":["Neza\u0159azen\u00e9"],"inLanguage":"en-GB"},{"@type":"WebPage","@id":"https:\/\/www.petrklichelp.cz\/2024\/06\/21\/sos-enabling-inclusion-and-innovation-for-ukrainian-refugees-in-europe-reka-czechia-from-june-5-to-8-2024\/","url":"https:\/\/www.petrklichelp.cz\/2024\/06\/21\/sos-enabling-inclusion-and-innovation-for-ukrainian-refugees-in-europe-reka-czechia-from-june-5-to-8-2024\/","name":"SOS- Enabling Inclusion and Innovation for Ukrainian Refugees in Europe- \u0158eka, Czechia, from June 5 to 8, 2024 - Petrkl\u00ed\u010d help","isPartOf":{"@id":"https:\/\/www.petrklichelp.cz\/cs\/#website"},"primaryImageOfPage":{"@id":"https:\/\/www.petrklichelp.cz\/2024\/06\/21\/sos-enabling-inclusion-and-innovation-for-ukrainian-refugees-in-europe-reka-czechia-from-june-5-to-8-2024\/#primaryimage"},"image":{"@id":"https:\/\/www.petrklichelp.cz\/2024\/06\/21\/sos-enabling-inclusion-and-innovation-for-ukrainian-refugees-in-europe-reka-czechia-from-june-5-to-8-2024\/#primaryimage"},"thumbnailUrl":"https:\/\/www.petrklichelp.cz\/wp-content\/uploads\/2024\/12\/image-1-1024x767.png","datePublished":"2024-06-21T09:10:00+00:00","dateModified":"2025-04-25T10:24:12+00:00","breadcrumb":{"@id":"https:\/\/www.petrklichelp.cz\/2024\/06\/21\/sos-enabling-inclusion-and-innovation-for-ukrainian-refugees-in-europe-reka-czechia-from-june-5-to-8-2024\/#breadcrumb"},"inLanguage":"en-GB","potentialAction":[{"@type":"ReadAction","target":["https:\/\/www.petrklichelp.cz\/2024\/06\/21\/sos-enabling-inclusion-and-innovation-for-ukrainian-refugees-in-europe-reka-czechia-from-june-5-to-8-2024\/"]}]},{"@type":"ImageObject","inLanguage":"en-GB","@id":"https:\/\/www.petrklichelp.cz\/2024\/06\/21\/sos-enabling-inclusion-and-innovation-for-ukrainian-refugees-in-europe-reka-czechia-from-june-5-to-8-2024\/#primaryimage","url":"https:\/\/www.petrklichelp.cz\/wp-content\/uploads\/2024\/12\/image-1-1024x767.png","contentUrl":"https:\/\/www.petrklichelp.cz\/wp-content\/uploads\/2024\/12\/image-1-1024x767.png"},{"@type":"BreadcrumbList","@id":"https:\/\/www.petrklichelp.cz\/2024\/06\/21\/sos-enabling-inclusion-and-innovation-for-ukrainian-refugees-in-europe-reka-czechia-from-june-5-to-8-2024\/#breadcrumb","itemListElement":[{"@type":"ListItem","position":1,"name":"Home","item":"https:\/\/www.petrklichelp.cz\/"},{"@type":"ListItem","position":2,"name":"SOS- Enabling Inclusion and Innovation for Ukrainian Refugees in Europe- \u0158eka, Czechia, from June 5 to 8, 2024"}]},{"@type":"WebSite","@id":"https:\/\/www.petrklichelp.cz\/cs\/#website","url":"https:\/\/www.petrklichelp.cz\/cs\/","name":"Petrkl\u00ed\u010d help","description":"","publisher":{"@id":"https:\/\/www.petrklichelp.cz\/cs\/#organization"},"potentialAction":[{"@type":"SearchAction","target":{"@type":"EntryPoint","urlTemplate":"https:\/\/www.petrklichelp.cz\/cs\/?s={search_term_string}"},"query-input":{"@type":"PropertyValueSpecification","valueRequired":true,"valueName":"search_term_string"}}],"inLanguage":"en-GB"},{"@type":"Organization","@id":"https:\/\/www.petrklichelp.cz\/cs\/#organization","name":"Petrkl\u00ed\u010d help","url":"https:\/\/www.petrklichelp.cz\/cs\/","logo":{"@type":"ImageObject","inLanguage":"en-GB","@id":"https:\/\/www.petrklichelp.cz\/cs\/#\/schema\/logo\/image\/","url":"https:\/\/petrklichelp.mrkninaweb.cz\/wp-content\/uploads\/2023\/01\/zahrada-petrklichelp.png","contentUrl":"https:\/\/petrklichelp.mrkninaweb.cz\/wp-content\/uploads\/2023\/01\/zahrada-petrklichelp.png","width":117,"height":110,"caption":"Petrkl\u00ed\u010d help"},"image":{"@id":"https:\/\/www.petrklichelp.cz\/cs\/#\/schema\/logo\/image\/"},"sameAs":["https:\/\/www.facebook.com\/PetrklicHelp","https:\/\/www.instagram.com\/petrklic_help\/"]},{"@type":"Person","@id":"https:\/\/www.petrklichelp.cz\/cs\/#\/schema\/person\/0ba228d7db7ee4a2cfd9f55b51b6bef8","name":"Mert Citdemir","image":{"@type":"ImageObject","inLanguage":"en-GB","@id":"https:\/\/www.petrklichelp.cz\/cs\/#\/schema\/person\/image\/","url":"https:\/\/secure.gravatar.com\/avatar\/f787dfdfac0b843bc70547e2c6d880e1b03144384eae29853a08fdcfe7a5fd6e?s=96&d=mm&r=g","contentUrl":"https:\/\/secure.gravatar.com\/avatar\/f787dfdfac0b843bc70547e2c6d880e1b03144384eae29853a08fdcfe7a5fd6e?s=96&d=mm&r=g","caption":"Mert Citdemir"},"url":"https:\/\/www.petrklichelp.cz\/en\/author\/mert-citdemir\/"}]}},"jetpack_featured_media_url":"","jetpack_sharing_enabled":true,"_links":{"self":[{"href":"https:\/\/www.petrklichelp.cz\/en\/wp-json\/wp\/v2\/posts\/1810","targetHints":{"allow":["GET"]}}],"collection":[{"href":"https:\/\/www.petrklichelp.cz\/en\/wp-json\/wp\/v2\/posts"}],"about":[{"href":"https:\/\/www.petrklichelp.cz\/en\/wp-json\/wp\/v2\/types\/post"}],"author":[{"embeddable":true,"href":"https:\/\/www.petrklichelp.cz\/en\/wp-json\/wp\/v2\/users\/12"}],"replies":[{"embeddable":true,"href":"https:\/\/www.petrklichelp.cz\/en\/wp-json\/wp\/v2\/comments?post=1810"}],"version-history":[{"count":1,"href":"https:\/\/www.petrklichelp.cz\/en\/wp-json\/wp\/v2\/posts\/1810\/revisions"}],"predecessor-version":[{"id":1812,"href":"https:\/\/www.petrklichelp.cz\/en\/wp-json\/wp\/v2\/posts\/1810\/revisions\/1812"}],"wp:attachment":[{"href":"https:\/\/www.petrklichelp.cz\/en\/wp-json\/wp\/v2\/media?parent=1810"}],"wp:term":[{"taxonomy":"category","embeddable":true,"href":"https:\/\/www.petrklichelp.cz\/en\/wp-json\/wp\/v2\/categories?post=1810"},{"taxonomy":"post_tag","embeddable":true,"href":"https:\/\/www.petrklichelp.cz\/en\/wp-json\/wp\/v2\/tags?post=1810"}],"curies":[{"name":"wp","href":"https:\/\/api.w.org\/{rel}","templated":true}]}}